{"id":1198,"date":"2023-03-28T06:09:18","date_gmt":"2023-03-28T06:09:18","guid":{"rendered":"https:\/\/uhv-untere-oste.de\/?p=1198"},"modified":"2023-03-28T07:28:05","modified_gmt":"2023-03-28T07:28:05","slug":"wenn-das-land-absackt","status":"publish","type":"post","link":"https:\/\/uhv-untere-oste.de\/?p=1198","title":{"rendered":"Wenn das Land absackt"},"content":{"rendered":"\n<p>Im letzten Jahr wurde bereits das Poldersch\u00f6pfwerk Iselersheim S\u00fcd general\u00fcberholt. Um die Arbeiten komplett abzuschlie\u00dfen, wurde nun das ca. 70 m entfernte Einlaufbauwerk saniert und tiefergelegt. In den letzten 50-60 Jahren ist das Land um das Einlaufbauwerk enorm abgesackt, sodass eine Rechenreinigung nur unter schweren Bedingungen m\u00f6glich war.<\/p>\n\n\n<div class=\"wp-block-image\">\n<figure class=\"aligncenter size-large\"><img loading=\"lazy\" decoding=\"async\" width=\"1024\" height=\"768\" src=\"https:\/\/uhv-untere-oste.de\/wp-content\/uploads\/2023\/03\/20230323_140504-1024x768.jpg\" alt=\"\" class=\"wp-image-1200\" srcset=\"https:\/\/uhv-untere-oste.de\/wp-content\/uploads\/2023\/03\/20230323_140504-1024x768.jpg 1024w, https:\/\/uhv-untere-oste.de\/wp-content\/uploads\/2023\/03\/20230323_140504-300x225.jpg 300w, https:\/\/uhv-untere-oste.de\/wp-content\/uploads\/2023\/03\/20230323_140504-768x576.jpg 768w, https:\/\/uhv-untere-oste.de\/wp-content\/uploads\/2023\/03\/20230323_140504-1536x1152.jpg 1536w, https:\/\/uhv-untere-oste.de\/wp-content\/uploads\/2023\/03\/20230323_140504-2048x1536.jpg 2048w\" sizes=\"auto, (max-width: 1024px) 100vw, 1024px\" \/><\/figure>\n<\/div>\n\n<div class=\"wp-block-image\">\n<figure class=\"aligncenter size-large\"><img loading=\"lazy\" decoding=\"async\" width=\"1024\" height=\"768\" src=\"https:\/\/uhv-untere-oste.de\/wp-content\/uploads\/2023\/03\/Iselersheim-Sued-002-1024x768.jpg\" alt=\"\" class=\"wp-image-1199\" srcset=\"https:\/\/uhv-untere-oste.de\/wp-content\/uploads\/2023\/03\/Iselersheim-Sued-002-1024x768.jpg 1024w, https:\/\/uhv-untere-oste.de\/wp-content\/uploads\/2023\/03\/Iselersheim-Sued-002-300x225.jpg 300w, https:\/\/uhv-untere-oste.de\/wp-content\/uploads\/2023\/03\/Iselersheim-Sued-002-768x576.jpg 768w, https:\/\/uhv-untere-oste.de\/wp-content\/uploads\/2023\/03\/Iselersheim-Sued-002-1536x1152.jpg 1536w, https:\/\/uhv-untere-oste.de\/wp-content\/uploads\/2023\/03\/Iselersheim-Sued-002.jpg 2048w\" sizes=\"auto, (max-width: 1024px) 100vw, 1024px\" \/><figcaption class=\"wp-element-caption\">Einlaufbauwerk im Jahr 2013<\/figcaption><\/figure>\n<\/div>","protected":false},"excerpt":{"rendered":"<p>Im letzten Jahr wurde bereits das Poldersch\u00f6pfwerk Iselersheim S\u00fcd general\u00fcberholt. Um die Arbeiten komplett abzuschlie\u00dfen, wurde nun das ca. 70 m entfernte Einlaufbauwerk saniert und tiefergelegt. In den letzten 50-60 Jahren ist das Land um das Einlaufbauwerk enorm abgesackt, sodass eine Rechenreinigung nur unter schweren Bedingungen m\u00f6glich war.<\/p>\n","protected":false},"author":1,"featured_media":0,"comment_status":"closed","ping_status":"closed","sticky":false,"template":"","format":"standard","meta":{"footnotes":""},"categories":[1],"tags":[],"class_list":["post-1198","post","type-post","status-publish","format-standard","hentry","category-uncategorized"],"_links":{"self":[{"href":"https:\/\/uhv-untere-oste.de\/index.php?rest_route=\/wp\/v2\/posts\/1198","targetHints":{"allow":["GET"]}}],"collection":[{"href":"https:\/\/uhv-untere-oste.de\/index.php?rest_route=\/wp\/v2\/posts"}],"about":[{"href":"https:\/\/uhv-untere-oste.de\/index.php?rest_route=\/wp\/v2\/types\/post"}],"author":[{"embeddable":true,"href":"https:\/\/uhv-untere-oste.de\/index.php?rest_route=\/wp\/v2\/users\/1"}],"replies":[{"embeddable":true,"href":"https:\/\/uhv-untere-oste.de\/index.php?rest_route=%2Fwp%2Fv2%2Fcomments&post=1198"}],"version-history":[{"count":2,"href":"https:\/\/uhv-untere-oste.de\/index.php?rest_route=\/wp\/v2\/posts\/1198\/revisions"}],"predecessor-version":[{"id":1213,"href":"https:\/\/uhv-untere-oste.de\/index.php?rest_route=\/wp\/v2\/posts\/1198\/revisions\/1213"}],"wp:attachment":[{"href":"https:\/\/uhv-untere-oste.de\/index.php?rest_route=%2Fwp%2Fv2%2Fmedia&parent=1198"}],"wp:term":[{"taxonomy":"category","embeddable":true,"href":"https:\/\/uhv-untere-oste.de\/index.php?rest_route=%2Fwp%2Fv2%2Fcategories&post=1198"},{"taxonomy":"post_tag","embeddable":true,"href":"https:\/\/uhv-untere-oste.de\/index.php?rest_route=%2Fwp%2Fv2%2Ftags&post=1198"}],"curies":[{"name":"wp","href":"https:\/\/api.w.org\/{rel}","templated":true}]}}