{"id":1269,"date":"2023-05-02T05:48:39","date_gmt":"2023-05-02T05:48:39","guid":{"rendered":"https:\/\/uhv-untere-oste.de\/?p=1269"},"modified":"2023-05-02T05:50:03","modified_gmt":"2023-05-02T05:50:03","slug":"jubilaeumsfeier-beim-unterhaltungsverband","status":"publish","type":"post","link":"https:\/\/uhv-untere-oste.de\/?p=1269","title":{"rendered":"Jubil\u00e4umsfeier beim Unterhaltungsverband"},"content":{"rendered":"\n<p>Der Unterhaltungsverband Untere Oste hat im feierlichen Rahmen langj\u00e4hrige Sch\u00f6pfwerksw\u00e4rter\/- innen ausgezeichnet. 4 Jubilare sind der Einladung gefolgt und Thorsten Ratzke, Gesch\u00e4ftsf\u00fchrer des Unterhaltungsverbandes Untere Oste, hat die Gelegenheit genutzt Danke zu sagen. Danke f\u00fcr das langj\u00e4hrige Vertrauen und die gute Zusammenarbeit.<\/p>\n\n\n\n<p>Obwohl der Unterhaltungsverband Untere Oste in den letzten Jahren viel in die Fern\u00fcberwachung der Sch\u00f6pfwerke investiert hat, ist es an einigen Sch\u00f6pfwerken unumg\u00e4nglich dort Sch\u00f6pfwerksw\u00e4rter\/-innen vor Ort zu haben.<\/p>\n\n\n\n<p>Unsere Sch\u00f6pfwerksw\u00e4rter\/-innen k\u00fcmmern sich unter anderem um die Reinigung der Rechen, die Schmierung der Pumpen und stehen im engen Austausch mit den Mitarbeitern des Unterhaltungsverbandes im Falle einer St\u00f6rung.<\/p>\n\n\n\n<p>Frieda Meyerholz, betreut nun seit 45 Jahren bereits vier unserer Sch\u00f6pfwerke. Aktuell k\u00fcmmert sie sich um das Sch\u00f6pfwerk 158 \u2013 Lamstedter Kanal. Wir danken Frau Meyerholz f\u00fcr Ihren unerm\u00fcdlichen Einsatz f\u00fcr den Unterhaltungsverband Untere Oste.<\/p>\n\n\n\n<p>Anne Meyer, sie betreut aktuell zwei Sch\u00f6pfwerke und das bereits seit 25 Jahren. Die Besonderheit bei diesen Sch\u00f6pfwerken ist die teilweise schwere Handarbeit durch die Reinigung der Rechen.<\/p>\n\n\n\n<p>So auch bei Dieter Tamm, der ebenfalls seit 25 Jahren die Reinigung der Rechen per Hand \u00fcbernimmt. Aktuell k\u00fcmmert er sich um das Sch\u00f6pfwerk Druckgraben Romund. Zuletzt Olaf Nimmert, er \u00fcbernimmt derzeit die Reinigung des Sch\u00f6pfwerkes 100a Gro\u00dfenw\u00f6rdener Seekanal Polder 9. Er blickt ebenso bereits auf 25 Jahre Sch\u00f6pfwerksarbeit zur\u00fcck.<\/p>\n\n\n\n<figure class=\"wp-block-image size-large is-resized\"><img loading=\"lazy\" decoding=\"async\" src=\"https:\/\/uhv-untere-oste.de\/wp-content\/uploads\/2023\/05\/IMG-20230425-WA0005-1024x614.jpg\" alt=\"\" class=\"wp-image-1270\" width=\"848\" height=\"508\" srcset=\"https:\/\/uhv-untere-oste.de\/wp-content\/uploads\/2023\/05\/IMG-20230425-WA0005-1024x614.jpg 1024w, https:\/\/uhv-untere-oste.de\/wp-content\/uploads\/2023\/05\/IMG-20230425-WA0005-300x180.jpg 300w, https:\/\/uhv-untere-oste.de\/wp-content\/uploads\/2023\/05\/IMG-20230425-WA0005-768x461.jpg 768w, https:\/\/uhv-untere-oste.de\/wp-content\/uploads\/2023\/05\/IMG-20230425-WA0005-1536x921.jpg 1536w, https:\/\/uhv-untere-oste.de\/wp-content\/uploads\/2023\/05\/IMG-20230425-WA0005.jpg 1599w\" sizes=\"auto, (max-width: 848px) 100vw, 848px\" \/><\/figure>\n\n\n\n<p class=\"has-text-align-center\"><em>v.r Bernd Hadeler, Anne Meyer, Frieda Meyerholz, Dieter Tamm, Olaf Nimmert, Thorsten Ratzk<\/em>e<\/p>\n","protected":false},"excerpt":{"rendered":"<p>Der Unterhaltungsverband Untere Oste hat im feierlichen Rahmen langj\u00e4hrige Sch\u00f6pfwerksw\u00e4rter\/- innen ausgezeichnet. 4 Jubilare sind der Einladung gefolgt und Thorsten Ratzke, Gesch\u00e4ftsf\u00fchrer des Unterhaltungsverbandes Untere Oste, hat die Gelegenheit genutzt Danke zu sagen. Danke f\u00fcr das langj\u00e4hrige Vertrauen und die gute Zusammenarbeit. Obwohl der Unterhaltungsverband Untere Oste in den letzten Jahren viel in die Fern\u00fcberwachung [&hellip;]<\/p>\n","protected":false},"author":1,"featured_media":0,"comment_status":"closed","ping_status":"closed","sticky":false,"template":"","format":"standard","meta":{"footnotes":""},"categories":[1],"tags":[],"class_list":["post-1269","post","type-post","status-publish","format-standard","hentry","category-uncategorized"],"_links":{"self":[{"href":"https:\/\/uhv-untere-oste.de\/index.php?rest_route=\/wp\/v2\/posts\/1269","targetHints":{"allow":["GET"]}}],"collection":[{"href":"https:\/\/uhv-untere-oste.de\/index.php?rest_route=\/wp\/v2\/posts"}],"about":[{"href":"https:\/\/uhv-untere-oste.de\/index.php?rest_route=\/wp\/v2\/types\/post"}],"author":[{"embeddable":true,"href":"https:\/\/uhv-untere-oste.de\/index.php?rest_route=\/wp\/v2\/users\/1"}],"replies":[{"embeddable":true,"href":"https:\/\/uhv-untere-oste.de\/index.php?rest_route=%2Fwp%2Fv2%2Fcomments&post=1269"}],"version-history":[{"count":2,"href":"https:\/\/uhv-untere-oste.de\/index.php?rest_route=\/wp\/v2\/posts\/1269\/revisions"}],"predecessor-version":[{"id":1272,"href":"https:\/\/uhv-untere-oste.de\/index.php?rest_route=\/wp\/v2\/posts\/1269\/revisions\/1272"}],"wp:attachment":[{"href":"https:\/\/uhv-untere-oste.de\/index.php?rest_route=%2Fwp%2Fv2%2Fmedia&parent=1269"}],"wp:term":[{"taxonomy":"category","embeddable":true,"href":"https:\/\/uhv-untere-oste.de\/index.php?rest_route=%2Fwp%2Fv2%2Fcategories&post=1269"},{"taxonomy":"post_tag","embeddable":true,"href":"https:\/\/uhv-untere-oste.de\/index.php?rest_route=%2Fwp%2Fv2%2Ftags&post=1269"}],"curies":[{"name":"wp","href":"https:\/\/api.w.org\/{rel}","templated":true}]}}