{"id":1405,"date":"2026-01-05T08:41:14","date_gmt":"2026-01-05T08:41:14","guid":{"rendered":"https:\/\/uhv-untere-oste.de\/?p=1405"},"modified":"2026-01-05T08:41:38","modified_gmt":"2026-01-05T08:41:38","slug":"neuer-verbandsvorsteher-beim-unterhaltungsverband-untere-oste-ab-01-01-2026","status":"publish","type":"post","link":"https:\/\/uhv-untere-oste.de\/?p=1405","title":{"rendered":"Neuer Verbandsvorsteher beim Unterhaltungsverband Untere Oste ab 01.01.2026"},"content":{"rendered":"\n<p>Der Unterhaltungsverband Untere Oste verabschiedete am 18. Dezember 2025 den bisherigen Verbandsvorsteher Johann-Martin Hildebrandt und w\u00e4hlte im Rahmen der Ausschusssitzung Andreas Brandt als neuen Verbandsvorsteher.<\/p>\n\n\n\n<p>Die offizielle Amtszeit von Verbandsvorsteher Hildebrandt endet am 31.12.2025. Er hat dieses Amt 15 Jahre bekleidet und den Unterhaltungsverband engagiert, fachkompetent und verantwortungsvoll vertreten.<\/p>\n\n\n\n<p>Als besondere Anerkennung f\u00fcr seine Verdienste wurde Johann-Martin Hildebrandt in der Ausschusssitzung zum Ehrenverbandsvorsteher des Unterhaltungsverbandes Untere Oste ernannt.<\/p>\n\n\n\n<p>Der Unterhaltungsverband Untere Oste bedankt sich herzlich bei Johann-Martin Hildebrandt f\u00fcr seinen langj\u00e4hrigen Einsatz und w\u00fcnscht ihm f\u00fcr seinen weiteren Lebensweg alles erdenklich Gute.<\/p>\n\n\n\n<p>Dem zuk\u00fcnftigen Verbandsvorsteher Andreas Brandt w\u00fcnscht der Verband f\u00fcr seine kommende T\u00e4tigkeit viel Erfolg, gutes Gelingen und stets eine gewissenhafte Hand bei den anstehenden Aufgaben.<\/p>\n\n\n\n<figure class=\"wp-block-image size-large is-resized\"><img loading=\"lazy\" decoding=\"async\" width=\"768\" height=\"1024\" src=\"https:\/\/uhv-untere-oste.de\/wp-content\/uploads\/2026\/01\/Foto-Verabschiedung-768x1024.jpg\" alt=\"\" class=\"wp-image-1406\" style=\"width:769px;height:auto\" srcset=\"https:\/\/uhv-untere-oste.de\/wp-content\/uploads\/2026\/01\/Foto-Verabschiedung-768x1024.jpg 768w, https:\/\/uhv-untere-oste.de\/wp-content\/uploads\/2026\/01\/Foto-Verabschiedung-225x300.jpg 225w, https:\/\/uhv-untere-oste.de\/wp-content\/uploads\/2026\/01\/Foto-Verabschiedung-1152x1536.jpg 1152w, https:\/\/uhv-untere-oste.de\/wp-content\/uploads\/2026\/01\/Foto-Verabschiedung-1536x2048.jpg 1536w, https:\/\/uhv-untere-oste.de\/wp-content\/uploads\/2026\/01\/Foto-Verabschiedung-scaled.jpg 1920w\" sizes=\"auto, (max-width: 768px) 100vw, 768px\" \/><\/figure>\n\n\n\n<p>von links: Andreas Brandt (Verbandsvorsteher), Johann-Martin Hilden (Ehrenverbandsvorsteher), Thorsten Ratzke (Gesch\u00e4ftsf\u00fchrer)<\/p>\n","protected":false},"excerpt":{"rendered":"<p>Der Unterhaltungsverband Untere Oste verabschiedete am 18. Dezember 2025 den bisherigen Verbandsvorsteher Johann-Martin Hildebrandt und w\u00e4hlte im Rahmen der Ausschusssitzung Andreas Brandt als neuen Verbandsvorsteher. Die offizielle Amtszeit von Verbandsvorsteher Hildebrandt endet am 31.12.2025. Er hat dieses Amt 15 Jahre bekleidet und den Unterhaltungsverband engagiert, fachkompetent und verantwortungsvoll vertreten. Als besondere Anerkennung f\u00fcr seine Verdienste [&hellip;]<\/p>\n","protected":false},"author":1,"featured_media":0,"comment_status":"closed","ping_status":"closed","sticky":false,"template":"","format":"standard","meta":{"footnotes":""},"categories":[1],"tags":[],"class_list":["post-1405","post","type-post","status-publish","format-standard","hentry","category-uncategorized"],"_links":{"self":[{"href":"https:\/\/uhv-untere-oste.de\/index.php?rest_route=\/wp\/v2\/posts\/1405","targetHints":{"allow":["GET"]}}],"collection":[{"href":"https:\/\/uhv-untere-oste.de\/index.php?rest_route=\/wp\/v2\/posts"}],"about":[{"href":"https:\/\/uhv-untere-oste.de\/index.php?rest_route=\/wp\/v2\/types\/post"}],"author":[{"embeddable":true,"href":"https:\/\/uhv-untere-oste.de\/index.php?rest_route=\/wp\/v2\/users\/1"}],"replies":[{"embeddable":true,"href":"https:\/\/uhv-untere-oste.de\/index.php?rest_route=%2Fwp%2Fv2%2Fcomments&post=1405"}],"version-history":[{"count":1,"href":"https:\/\/uhv-untere-oste.de\/index.php?rest_route=\/wp\/v2\/posts\/1405\/revisions"}],"predecessor-version":[{"id":1407,"href":"https:\/\/uhv-untere-oste.de\/index.php?rest_route=\/wp\/v2\/posts\/1405\/revisions\/1407"}],"wp:attachment":[{"href":"https:\/\/uhv-untere-oste.de\/index.php?rest_route=%2Fwp%2Fv2%2Fmedia&parent=1405"}],"wp:term":[{"taxonomy":"category","embeddable":true,"href":"https:\/\/uhv-untere-oste.de\/index.php?rest_route=%2Fwp%2Fv2%2Fcategories&post=1405"},{"taxonomy":"post_tag","embeddable":true,"href":"https:\/\/uhv-untere-oste.de\/index.php?rest_route=%2Fwp%2Fv2%2Ftags&post=1405"}],"curies":[{"name":"wp","href":"https:\/\/api.w.org\/{rel}","templated":true}]}}